{"id":1049,"date":"2023-12-13T22:58:00","date_gmt":"2023-12-13T21:58:00","guid":{"rendered":"https:\/\/doktoranci.uksw.edu.pl\/?p=1049"},"modified":"2024-03-03T20:48:54","modified_gmt":"2024-03-03T19:48:54","slug":"samorzad-doktorantow-uksw-kadencja-2023-2024","status":"publish","type":"post","link":"https:\/\/doktoranci.uksw.edu.pl\/2023\/12\/samorzad-doktorantow-uksw-kadencja-2023-2024\/","title":{"rendered":"Samorz\u0105d Doktorant\u00f3w UKSW kadencja 2023\/2024"},"content":{"rendered":"\n<p>Z rado\u015bci\u0105 pragniemy poinformowa\u0107, \u017ce wczoraj odby\u0142o si\u0119 pierwsze posiedzenie nowej kadencji Parlamentu Samorz\u0105du Doktorant\u00f3w UKSW na rok 2023\/2024.<\/p>\n\n\n\n<p><img loading=\"lazy\" decoding=\"async\" height=\"16\" width=\"16\" alt=\"\u2705\" src=\"https:\/\/static.xx.fbcdn.net\/images\/emoji.php\/v9\/t33\/1\/16\/2705.png\">Marsza\u0142kiem Parlamentu Samorz\u0105du Doktorant\u00f3w zosta\u0142 Marcin Bielecki, a jego zast\u0119pcami zostali Malwina Tkacz oraz Krzysztof D\u0105browski.<\/p>\n\n\n\n<p><img loading=\"lazy\" decoding=\"async\" height=\"16\" width=\"16\" alt=\"\u2705\" src=\"https:\/\/static.xx.fbcdn.net\/images\/emoji.php\/v9\/t33\/1\/16\/2705.png\">Mariola Pirek zosta\u0142a wybrana na przewodnicz\u0105c\u0105 Samorz\u0105du Doktorant\u00f3w i b\u0119dzie dla Was dzia\u0142a\u0107 wraz z zespo\u0142em, w kt\u00f3rego sk\u0142ad wesz\u0142y nast\u0119puj\u0105ce osoby:<\/p>\n\n\n\n<p><a><\/a><img loading=\"lazy\" decoding=\"async\" height=\"16\" width=\"16\" alt=\"\u2705\" src=\"https:\/\/static.xx.fbcdn.net\/images\/emoji.php\/v9\/t33\/1\/16\/2705.png\">\u0141ukasz Sitkowski<\/p>\n\n\n\n<p><img loading=\"lazy\" decoding=\"async\" height=\"16\" width=\"16\" alt=\"\u2705\" src=\"https:\/\/static.xx.fbcdn.net\/images\/emoji.php\/v9\/t33\/1\/16\/2705.png\">\u0141ukasz Subramanian<\/p>\n\n\n\n<p><img loading=\"lazy\" decoding=\"async\" height=\"16\" width=\"16\" alt=\"\u2705\" src=\"https:\/\/static.xx.fbcdn.net\/images\/emoji.php\/v9\/t33\/1\/16\/2705.png\">Micha\u0142 Szkaradek<\/p>\n\n\n\n<p><img loading=\"lazy\" decoding=\"async\" height=\"16\" width=\"16\" alt=\"\u2705\" src=\"https:\/\/static.xx.fbcdn.net\/images\/emoji.php\/v9\/t33\/1\/16\/2705.png\">Ma\u0142gorzata Jaroszek.<\/p>\n\n\n\n<p>Wsp\u00f3lnie z Wami aktywnie b\u0119dziemy dzia\u0142a\u0107 przez ca\u0142y rok. Serdecznie zapraszamy wszystkich Doktorant\u00f3w do wsp\u00f3\u0142pracy!<img loading=\"lazy\" decoding=\"async\" height=\"16\" width=\"16\" src=\"https:\/\/static.xx.fbcdn.net\/images\/emoji.php\/v9\/t4f\/1\/16\/1f601.png\" alt=\"\ud83d\ude01\"><\/p>\n\n\n\n<figure class=\"wp-block-image size-full\"><img loading=\"lazy\" decoding=\"async\" width=\"1024\" height=\"768\" src=\"https:\/\/doktoranci.uksw.edu.pl\/wp-content\/uploads\/sites\/54\/2024\/02\/409980358_755896569908649_4986689510846578330_n-1.jpg\" alt=\"\" class=\"wp-image-1050\" srcset=\"https:\/\/doktoranci.uksw.edu.pl\/wp-content\/uploads\/sites\/54\/2024\/02\/409980358_755896569908649_4986689510846578330_n-1.jpg 1024w, https:\/\/doktoranci.uksw.edu.pl\/wp-content\/uploads\/sites\/54\/2024\/02\/409980358_755896569908649_4986689510846578330_n-1-300x225.jpg 300w, https:\/\/doktoranci.uksw.edu.pl\/wp-content\/uploads\/sites\/54\/2024\/02\/409980358_755896569908649_4986689510846578330_n-1-768x576.jpg 768w\" sizes=\"auto, (max-width: 1024px) 100vw, 1024px\" \/><\/figure>\n","protected":false},"excerpt":{"rendered":"<p>Z rado\u015bci\u0105 pragniemy poinformowa\u0107, \u017ce wczoraj odby\u0142o si\u0119 pierwsze posiedzenie nowej kadencji Parlamentu Samorz\u0105du Doktorant\u00f3w UKSW na rok 2023\/2024. Marsza\u0142kiem Parlamentu Samorz\u0105du Doktorant\u00f3w zosta\u0142 Marcin Bielecki, a jego zast\u0119pcami zostali Malwina Tkacz oraz Krzysztof D\u0105browski. Mariola Pirek zosta\u0142a wybrana na przewodnicz\u0105c\u0105 Samorz\u0105du Doktorant\u00f3w i b\u0119dzie dla Was dzia\u0142a\u0107 wraz z zespo\u0142em, w kt\u00f3rego sk\u0142ad wesz\u0142y [&hellip;]<\/p>\n","protected":false},"author":83,"featured_media":1051,"comment_status":"closed","ping_status":"open","sticky":false,"template":"","format":"standard","meta":{"_acf_changed":false,"inline_featured_image":false,"footnotes":"","_links_to":"","_links_to_target":""},"categories":[12],"tags":[],"class_list":["post-1049","post","type-post","status-publish","format-standard","has-post-thumbnail","hentry","category-sprawy-organizacyjne"],"acf":[],"_links":{"self":[{"href":"https:\/\/doktoranci.uksw.edu.pl\/pl\/wp-json\/wp\/v2\/posts\/1049","targetHints":{"allow":["GET"]}}],"collection":[{"href":"https:\/\/doktoranci.uksw.edu.pl\/pl\/wp-json\/wp\/v2\/posts"}],"about":[{"href":"https:\/\/doktoranci.uksw.edu.pl\/pl\/wp-json\/wp\/v2\/types\/post"}],"author":[{"embeddable":true,"href":"https:\/\/doktoranci.uksw.edu.pl\/pl\/wp-json\/wp\/v2\/users\/83"}],"replies":[{"embeddable":true,"href":"https:\/\/doktoranci.uksw.edu.pl\/pl\/wp-json\/wp\/v2\/comments?post=1049"}],"version-history":[{"count":1,"href":"https:\/\/doktoranci.uksw.edu.pl\/pl\/wp-json\/wp\/v2\/posts\/1049\/revisions"}],"predecessor-version":[{"id":1052,"href":"https:\/\/doktoranci.uksw.edu.pl\/pl\/wp-json\/wp\/v2\/posts\/1049\/revisions\/1052"}],"wp:featuredmedia":[{"embeddable":true,"href":"https:\/\/doktoranci.uksw.edu.pl\/pl\/wp-json\/wp\/v2\/media\/1051"}],"wp:attachment":[{"href":"https:\/\/doktoranci.uksw.edu.pl\/pl\/wp-json\/wp\/v2\/media?parent=1049"}],"wp:term":[{"taxonomy":"category","embeddable":true,"href":"https:\/\/doktoranci.uksw.edu.pl\/pl\/wp-json\/wp\/v2\/categories?post=1049"},{"taxonomy":"post_tag","embeddable":true,"href":"https:\/\/doktoranci.uksw.edu.pl\/pl\/wp-json\/wp\/v2\/tags?post=1049"}],"curies":[{"name":"wp","href":"https:\/\/api.w.org\/{rel}","templated":true}]}}